{"id":448,"date":"2017-12-01T15:18:03","date_gmt":"2017-12-01T15:18:03","guid":{"rendered":"https:\/\/www.researchcashlab.com\/?p=448"},"modified":"2020-01-16T20:18:06","modified_gmt":"2020-01-16T20:18:06","slug":"la-facultat-deconomia-de-la-uv-acoge-las-primeras-jornadas-de-transferencia-tecnologica-researchcash","status":"publish","type":"post","link":"https:\/\/www.researchcashlab.com\/en\/la-facultat-deconomia-de-la-uv-acoge-las-primeras-jornadas-de-transferencia-tecnologica-researchcash\/","title":{"rendered":"La Facultat d\u2019Economia de la UV acoge las primeras Jornadas de Transferencia Tecnol\u00f3gica Research+Cash"},"content":{"rendered":"<p style=\"text-align: justify;\"><em>Investigaci\u00f3n y empresa se unen en torno a una iniciativa que pretende mejorar la transferencia de la innovaci\u00f3n.<\/em><\/p>\n<p style=\"text-align: justify;\">La <strong>Facultat<\/strong> <strong>d\u2019Economia<\/strong> acoger\u00e1 los pr\u00f3ximos d\u00edas 17 y 18 de diciembre las primeras <strong>Jornadas de Transferencia Tecnol\u00f3gica Research+Cash<\/strong>. Dichas Jornadas ser\u00e1n presentadas por el Prof. Dr. Valentin Navarro, Director del Departamento de Finanzas Corporativas y por la Prof. Dra. Irene Comeig, profesora de Finanzas Corporativas de la UV e investigadora principal del <strong>R+Cash Lab<\/strong>.<!--more--><\/p>\n<p style=\"text-align: justify;\">Con estas Jornadas la organizaci\u00f3n quiere presentar el<strong> R+Cash Lab<\/strong>, un laboratorio de an\u00e1lisis econ\u00f3mico financiero de los resultados de investigaci\u00f3n de universidades. Las Jornadas estar\u00e1n estructuradas en dos fases. Una primera donde ex alumnos del <strong>M\u00e1ster de Finanzas Corporativas<\/strong> presentar\u00e1n sus trabajos finales de master consistentes en valoraciones financieras de resultados de investigaci\u00f3n de la UV, as\u00ed como la empresa <strong>YULAVA<\/strong>, una aplicaci\u00f3n de gesti\u00f3n de equipos deportivos creada por estudiantes de la UV. Durante la segunda fase el equipo <strong>R+Cash Lab<\/strong> quiere generar un mercado entre empresas, emprendedores e investigadores interesados en incorporar sus resultados al tejido empresarial innovador mediante entrevistas personalizadas que faciliten el intercambio de informaci\u00f3n.<\/p>\n<p style=\"text-align: justify;\">El evento tendr\u00e1 lugar en el Sal\u00f3 de Graus de la Facultat d\u2019Economia de la Universitat de Val\u00e8ncia a las 18h el d\u00eda 18 de diciembre y en la Sala Ignasi Villalonga el 19 de diciembre.<\/p>\n<p style=\"text-align: justify;\"><img decoding=\"async\" loading=\"lazy\" class=\"size-full wp-image-450\" src=\"https:\/\/www.researchcashlab.com\/wp-content\/uploads\/2018\/01\/Programa-Jornadas-de-Transferencia-Tecnol\u00f3gica-ResearchCash.png\" alt=\"\" width=\"1280\" height=\"906\" srcset=\"https:\/\/www.researchcashlab.com\/wp-content\/uploads\/2018\/01\/Programa-Jornadas-de-Transferencia-Tecnol\u00f3gica-ResearchCash.png 1280w, https:\/\/www.researchcashlab.com\/wp-content\/uploads\/2018\/01\/Programa-Jornadas-de-Transferencia-Tecnol\u00f3gica-ResearchCash-300x212.png 300w, https:\/\/www.researchcashlab.com\/wp-content\/uploads\/2018\/01\/Programa-Jornadas-de-Transferencia-Tecnol\u00f3gica-ResearchCash-768x544.png 768w, https:\/\/www.researchcashlab.com\/wp-content\/uploads\/2018\/01\/Programa-Jornadas-de-Transferencia-Tecnol\u00f3gica-ResearchCash-1024x725.png 1024w\" sizes=\"(max-width: 1280px) 100vw, 1280px\" \/><\/p>","protected":false},"excerpt":{"rendered":"<p>Investigaci\u00f3n y empresa se unen en torno a una iniciativa que pretende mejorar la transferencia de la innovaci\u00f3n. La Facultat d\u2019Economia acoger\u00e1 los pr\u00f3ximos d\u00edas 17 y 18 de diciembre las primeras Jornadas de Transferencia Tecnol\u00f3gica Research+Cash. Dichas Jornadas ser\u00e1n presentadas por el Prof. Dr. Valentin Navarro, Director del Departamento de Finanzas Corporativas y por<\/p>","protected":false},"author":3,"featured_media":449,"comment_status":"open","ping_status":"open","sticky":false,"template":"","format":"standard","meta":[],"categories":[1],"tags":[],"yoast_head":"<!-- This site is optimized with the Yoast SEO plugin v20.8 - https:\/\/yoast.com\/wordpress\/plugins\/seo\/ -->\n<title>La Facultat d\u2019Economia de la UV acoge las primeras Jornadas de Transferencia Tecnol\u00f3gica Research+Cash | Research + Cash Lab<\/title>\n<meta name=\"robots\" content=\"index, follow, max-snippet:-1, max-image-preview:large, max-video-preview:-1\" \/>\n<link rel=\"canonical\" href=\"https:\/\/www.researchcashlab.com\/en\/la-facultat-deconomia-de-la-uv-acoge-las-primeras-jornadas-de-transferencia-tecnologica-researchcash\/\" \/>\n<meta property=\"og:locale\" content=\"en_US\" \/>\n<meta property=\"og:type\" content=\"article\" \/>\n<meta property=\"og:title\" content=\"La Facultat d\u2019Economia de la UV acoge las primeras Jornadas de Transferencia Tecnol\u00f3gica Research+Cash | Research + Cash Lab\" \/>\n<meta property=\"og:description\" content=\"Investigaci\u00f3n y empresa se unen en torno a una iniciativa que pretende mejorar la transferencia de la innovaci\u00f3n. La Facultat d\u2019Economia acoger\u00e1 los pr\u00f3ximos d\u00edas 17 y 18 de diciembre las primeras Jornadas de Transferencia Tecnol\u00f3gica Research+Cash. Dichas Jornadas ser\u00e1n presentadas por el Prof. Dr. Valentin Navarro, Director del Departamento de Finanzas Corporativas y por\" \/>\n<meta property=\"og:url\" content=\"https:\/\/www.researchcashlab.com\/en\/la-facultat-deconomia-de-la-uv-acoge-las-primeras-jornadas-de-transferencia-tecnologica-researchcash\/\" \/>\n<meta property=\"og:site_name\" content=\"Research + Cash Lab\" \/>\n<meta property=\"article:published_time\" content=\"2017-12-01T15:18:03+00:00\" \/>\n<meta property=\"article:modified_time\" content=\"2020-01-16T20:18:06+00:00\" \/>\n<meta property=\"og:image\" content=\"https:\/\/www.researchcashlab.com\/wp-content\/uploads\/2018\/01\/Primeras-Jornadas-de-Transferencia-Tecnol\u00f3gica-ResearchCash.png\" \/>\n\t<meta property=\"og:image:width\" content=\"636\" \/>\n\t<meta property=\"og:image:height\" content=\"896\" \/>\n\t<meta property=\"og:image:type\" content=\"image\/png\" \/>\n<meta name=\"author\" content=\"Luc\u00eda Pinar\" \/>\n<meta name=\"twitter:card\" content=\"summary_large_image\" \/>\n<meta name=\"twitter:label1\" content=\"Written by\" \/>\n\t<meta name=\"twitter:data1\" content=\"Luc\u00eda Pinar\" \/>\n\t<meta name=\"twitter:label2\" content=\"Est. reading time\" \/>\n\t<meta name=\"twitter:data2\" content=\"1 minute\" \/>\n<script type=\"application\/ld+json\" class=\"yoast-schema-graph\">{\"@context\":\"https:\/\/schema.org\",\"@graph\":[{\"@type\":\"Article\",\"@id\":\"https:\/\/www.researchcashlab.com\/la-facultat-deconomia-de-la-uv-acoge-las-primeras-jornadas-de-transferencia-tecnologica-researchcash\/#article\",\"isPartOf\":{\"@id\":\"https:\/\/www.researchcashlab.com\/la-facultat-deconomia-de-la-uv-acoge-las-primeras-jornadas-de-transferencia-tecnologica-researchcash\/\"},\"author\":{\"name\":\"Luc\u00eda Pinar\",\"@id\":\"https:\/\/www.researchcashlab.com\/#\/schema\/person\/5362c09758163c5c5a3473e1350ba8c5\"},\"headline\":\"La Facultat d\u2019Economia de la UV acoge las primeras Jornadas de Transferencia Tecnol\u00f3gica Research+Cash\",\"datePublished\":\"2017-12-01T15:18:03+00:00\",\"dateModified\":\"2020-01-16T20:18:06+00:00\",\"mainEntityOfPage\":{\"@id\":\"https:\/\/www.researchcashlab.com\/la-facultat-deconomia-de-la-uv-acoge-las-primeras-jornadas-de-transferencia-tecnologica-researchcash\/\"},\"wordCount\":257,\"commentCount\":0,\"publisher\":{\"@id\":\"https:\/\/www.researchcashlab.com\/#organization\"},\"articleSection\":[\"Sin categor\u00eda\"],\"inLanguage\":\"en-US\",\"potentialAction\":[{\"@type\":\"CommentAction\",\"name\":\"Comment\",\"target\":[\"https:\/\/www.researchcashlab.com\/la-facultat-deconomia-de-la-uv-acoge-las-primeras-jornadas-de-transferencia-tecnologica-researchcash\/#respond\"]}]},{\"@type\":\"WebPage\",\"@id\":\"https:\/\/www.researchcashlab.com\/la-facultat-deconomia-de-la-uv-acoge-las-primeras-jornadas-de-transferencia-tecnologica-researchcash\/\",\"url\":\"https:\/\/www.researchcashlab.com\/la-facultat-deconomia-de-la-uv-acoge-las-primeras-jornadas-de-transferencia-tecnologica-researchcash\/\",\"name\":\"La Facultat d\u2019Economia de la UV acoge las primeras Jornadas de Transferencia Tecnol\u00f3gica Research+Cash | Research + Cash Lab\",\"isPartOf\":{\"@id\":\"https:\/\/www.researchcashlab.com\/#website\"},\"datePublished\":\"2017-12-01T15:18:03+00:00\",\"dateModified\":\"2020-01-16T20:18:06+00:00\",\"breadcrumb\":{\"@id\":\"https:\/\/www.researchcashlab.com\/la-facultat-deconomia-de-la-uv-acoge-las-primeras-jornadas-de-transferencia-tecnologica-researchcash\/#breadcrumb\"},\"inLanguage\":\"en-US\",\"potentialAction\":[{\"@type\":\"ReadAction\",\"target\":[\"https:\/\/www.researchcashlab.com\/la-facultat-deconomia-de-la-uv-acoge-las-primeras-jornadas-de-transferencia-tecnologica-researchcash\/\"]}]},{\"@type\":\"BreadcrumbList\",\"@id\":\"https:\/\/www.researchcashlab.com\/la-facultat-deconomia-de-la-uv-acoge-las-primeras-jornadas-de-transferencia-tecnologica-researchcash\/#breadcrumb\",\"itemListElement\":[{\"@type\":\"ListItem\",\"position\":1,\"name\":\"Portada\",\"item\":\"https:\/\/www.researchcashlab.com\/\"},{\"@type\":\"ListItem\",\"position\":2,\"name\":\"La Facultat d\u2019Economia de la UV acoge las primeras Jornadas de Transferencia Tecnol\u00f3gica Research+Cash\"}]},{\"@type\":\"WebSite\",\"@id\":\"https:\/\/www.researchcashlab.com\/#website\",\"url\":\"https:\/\/www.researchcashlab.com\/\",\"name\":\"Research + Cash Lab\",\"description\":\"Integramos su investigaci&Atilde;&sup3;n al mercado de empresa\",\"publisher\":{\"@id\":\"https:\/\/www.researchcashlab.com\/#organization\"},\"potentialAction\":[{\"@type\":\"SearchAction\",\"target\":{\"@type\":\"EntryPoint\",\"urlTemplate\":\"https:\/\/www.researchcashlab.com\/?s={search_term_string}\"},\"query-input\":\"required name=search_term_string\"}],\"inLanguage\":\"en-US\"},{\"@type\":\"Organization\",\"@id\":\"https:\/\/www.researchcashlab.com\/#organization\",\"name\":\"Research + Cash Lab\",\"url\":\"https:\/\/www.researchcashlab.com\/\",\"logo\":{\"@type\":\"ImageObject\",\"inLanguage\":\"en-US\",\"@id\":\"https:\/\/www.researchcashlab.com\/#\/schema\/logo\/image\/\",\"url\":\"https:\/\/www.researchcashlab.com\/wp-content\/uploads\/2017\/11\/imgpsh_fullsize-1.png\",\"contentUrl\":\"https:\/\/www.researchcashlab.com\/wp-content\/uploads\/2017\/11\/imgpsh_fullsize-1.png\",\"width\":579,\"height\":195,\"caption\":\"Research + Cash Lab\"},\"image\":{\"@id\":\"https:\/\/www.researchcashlab.com\/#\/schema\/logo\/image\/\"},\"sameAs\":[\"https:\/\/www.linkedin.com\/in\/irene-comeig-ramirez-70b71b7\/\"]},{\"@type\":\"Person\",\"@id\":\"https:\/\/www.researchcashlab.com\/#\/schema\/person\/5362c09758163c5c5a3473e1350ba8c5\",\"name\":\"Luc\u00eda Pinar\",\"image\":{\"@type\":\"ImageObject\",\"inLanguage\":\"en-US\",\"@id\":\"https:\/\/www.researchcashlab.com\/#\/schema\/person\/image\/\",\"url\":\"https:\/\/secure.gravatar.com\/avatar\/cf5c3fe307f4d7d2ecb6bb5927f5868d?s=96&d=mm&r=g\",\"contentUrl\":\"https:\/\/secure.gravatar.com\/avatar\/cf5c3fe307f4d7d2ecb6bb5927f5868d?s=96&d=mm&r=g\",\"caption\":\"Luc\u00eda Pinar\"}}]}<\/script>\n<!-- \/ Yoast SEO plugin. -->","yoast_head_json":{"title":"La Facultat d\u2019Economia de la UV acoge las primeras Jornadas de Transferencia Tecnol\u00f3gica Research+Cash | Research + Cash Lab","robots":{"index":"index","follow":"follow","max-snippet":"max-snippet:-1","max-image-preview":"max-image-preview:large","max-video-preview":"max-video-preview:-1"},"canonical":"https:\/\/www.researchcashlab.com\/en\/la-facultat-deconomia-de-la-uv-acoge-las-primeras-jornadas-de-transferencia-tecnologica-researchcash\/","og_locale":"en_US","og_type":"article","og_title":"La Facultat d\u2019Economia de la UV acoge las primeras Jornadas de Transferencia Tecnol\u00f3gica Research+Cash | Research + Cash Lab","og_description":"Investigaci\u00f3n y empresa se unen en torno a una iniciativa que pretende mejorar la transferencia de la innovaci\u00f3n. La Facultat d\u2019Economia acoger\u00e1 los pr\u00f3ximos d\u00edas 17 y 18 de diciembre las primeras Jornadas de Transferencia Tecnol\u00f3gica Research+Cash. Dichas Jornadas ser\u00e1n presentadas por el Prof. Dr. Valentin Navarro, Director del Departamento de Finanzas Corporativas y por","og_url":"https:\/\/www.researchcashlab.com\/en\/la-facultat-deconomia-de-la-uv-acoge-las-primeras-jornadas-de-transferencia-tecnologica-researchcash\/","og_site_name":"Research + Cash Lab","article_published_time":"2017-12-01T15:18:03+00:00","article_modified_time":"2020-01-16T20:18:06+00:00","og_image":[{"width":636,"height":896,"url":"https:\/\/www.researchcashlab.com\/wp-content\/uploads\/2018\/01\/Primeras-Jornadas-de-Transferencia-Tecnol\u00f3gica-ResearchCash.png","type":"image\/png"}],"author":"Luc\u00eda Pinar","twitter_card":"summary_large_image","twitter_misc":{"Written by":"Luc\u00eda Pinar","Est. reading time":"1 minute"},"schema":{"@context":"https:\/\/schema.org","@graph":[{"@type":"Article","@id":"https:\/\/www.researchcashlab.com\/la-facultat-deconomia-de-la-uv-acoge-las-primeras-jornadas-de-transferencia-tecnologica-researchcash\/#article","isPartOf":{"@id":"https:\/\/www.researchcashlab.com\/la-facultat-deconomia-de-la-uv-acoge-las-primeras-jornadas-de-transferencia-tecnologica-researchcash\/"},"author":{"name":"Luc\u00eda Pinar","@id":"https:\/\/www.researchcashlab.com\/#\/schema\/person\/5362c09758163c5c5a3473e1350ba8c5"},"headline":"La Facultat d\u2019Economia de la UV acoge las primeras Jornadas de Transferencia Tecnol\u00f3gica Research+Cash","datePublished":"2017-12-01T15:18:03+00:00","dateModified":"2020-01-16T20:18:06+00:00","mainEntityOfPage":{"@id":"https:\/\/www.researchcashlab.com\/la-facultat-deconomia-de-la-uv-acoge-las-primeras-jornadas-de-transferencia-tecnologica-researchcash\/"},"wordCount":257,"commentCount":0,"publisher":{"@id":"https:\/\/www.researchcashlab.com\/#organization"},"articleSection":["Sin categor\u00eda"],"inLanguage":"en-US","potentialAction":[{"@type":"CommentAction","name":"Comment","target":["https:\/\/www.researchcashlab.com\/la-facultat-deconomia-de-la-uv-acoge-las-primeras-jornadas-de-transferencia-tecnologica-researchcash\/#respond"]}]},{"@type":"WebPage","@id":"https:\/\/www.researchcashlab.com\/la-facultat-deconomia-de-la-uv-acoge-las-primeras-jornadas-de-transferencia-tecnologica-researchcash\/","url":"https:\/\/www.researchcashlab.com\/la-facultat-deconomia-de-la-uv-acoge-las-primeras-jornadas-de-transferencia-tecnologica-researchcash\/","name":"La Facultat d\u2019Economia de la UV acoge las primeras Jornadas de Transferencia Tecnol\u00f3gica Research+Cash | Research + Cash Lab","isPartOf":{"@id":"https:\/\/www.researchcashlab.com\/#website"},"datePublished":"2017-12-01T15:18:03+00:00","dateModified":"2020-01-16T20:18:06+00:00","breadcrumb":{"@id":"https:\/\/www.researchcashlab.com\/la-facultat-deconomia-de-la-uv-acoge-las-primeras-jornadas-de-transferencia-tecnologica-researchcash\/#breadcrumb"},"inLanguage":"en-US","potentialAction":[{"@type":"ReadAction","target":["https:\/\/www.researchcashlab.com\/la-facultat-deconomia-de-la-uv-acoge-las-primeras-jornadas-de-transferencia-tecnologica-researchcash\/"]}]},{"@type":"BreadcrumbList","@id":"https:\/\/www.researchcashlab.com\/la-facultat-deconomia-de-la-uv-acoge-las-primeras-jornadas-de-transferencia-tecnologica-researchcash\/#breadcrumb","itemListElement":[{"@type":"ListItem","position":1,"name":"Portada","item":"https:\/\/www.researchcashlab.com\/"},{"@type":"ListItem","position":2,"name":"La Facultat d\u2019Economia de la UV acoge las primeras Jornadas de Transferencia Tecnol\u00f3gica Research+Cash"}]},{"@type":"WebSite","@id":"https:\/\/www.researchcashlab.com\/#website","url":"https:\/\/www.researchcashlab.com\/","name":"Research + Cash Lab","description":"Integramos su investigaci&Atilde;&sup3;n al mercado de empresa","publisher":{"@id":"https:\/\/www.researchcashlab.com\/#organization"},"potentialAction":[{"@type":"SearchAction","target":{"@type":"EntryPoint","urlTemplate":"https:\/\/www.researchcashlab.com\/?s={search_term_string}"},"query-input":"required name=search_term_string"}],"inLanguage":"en-US"},{"@type":"Organization","@id":"https:\/\/www.researchcashlab.com\/#organization","name":"Research + Cash Lab","url":"https:\/\/www.researchcashlab.com\/","logo":{"@type":"ImageObject","inLanguage":"en-US","@id":"https:\/\/www.researchcashlab.com\/#\/schema\/logo\/image\/","url":"https:\/\/www.researchcashlab.com\/wp-content\/uploads\/2017\/11\/imgpsh_fullsize-1.png","contentUrl":"https:\/\/www.researchcashlab.com\/wp-content\/uploads\/2017\/11\/imgpsh_fullsize-1.png","width":579,"height":195,"caption":"Research + Cash Lab"},"image":{"@id":"https:\/\/www.researchcashlab.com\/#\/schema\/logo\/image\/"},"sameAs":["https:\/\/www.linkedin.com\/in\/irene-comeig-ramirez-70b71b7\/"]},{"@type":"Person","@id":"https:\/\/www.researchcashlab.com\/#\/schema\/person\/5362c09758163c5c5a3473e1350ba8c5","name":"Luc\u00eda Pinar","image":{"@type":"ImageObject","inLanguage":"en-US","@id":"https:\/\/www.researchcashlab.com\/#\/schema\/person\/image\/","url":"https:\/\/secure.gravatar.com\/avatar\/cf5c3fe307f4d7d2ecb6bb5927f5868d?s=96&d=mm&r=g","contentUrl":"https:\/\/secure.gravatar.com\/avatar\/cf5c3fe307f4d7d2ecb6bb5927f5868d?s=96&d=mm&r=g","caption":"Luc\u00eda Pinar"}}]}},"_links":{"self":[{"href":"https:\/\/www.researchcashlab.com\/en\/wp-json\/wp\/v2\/posts\/448"}],"collection":[{"href":"https:\/\/www.researchcashlab.com\/en\/wp-json\/wp\/v2\/posts"}],"about":[{"href":"https:\/\/www.researchcashlab.com\/en\/wp-json\/wp\/v2\/types\/post"}],"author":[{"embeddable":true,"href":"https:\/\/www.researchcashlab.com\/en\/wp-json\/wp\/v2\/users\/3"}],"replies":[{"embeddable":true,"href":"https:\/\/www.researchcashlab.com\/en\/wp-json\/wp\/v2\/comments?post=448"}],"version-history":[{"count":7,"href":"https:\/\/www.researchcashlab.com\/en\/wp-json\/wp\/v2\/posts\/448\/revisions"}],"predecessor-version":[{"id":766,"href":"https:\/\/www.researchcashlab.com\/en\/wp-json\/wp\/v2\/posts\/448\/revisions\/766"}],"wp:featuredmedia":[{"embeddable":true,"href":"https:\/\/www.researchcashlab.com\/en\/wp-json\/wp\/v2\/media\/449"}],"wp:attachment":[{"href":"https:\/\/www.researchcashlab.com\/en\/wp-json\/wp\/v2\/media?parent=448"}],"wp:term":[{"taxonomy":"category","embeddable":true,"href":"https:\/\/www.researchcashlab.com\/en\/wp-json\/wp\/v2\/categories?post=448"},{"taxonomy":"post_tag","embeddable":true,"href":"https:\/\/www.researchcashlab.com\/en\/wp-json\/wp\/v2\/tags?post=448"}],"curies":[{"name":"wp","href":"https:\/\/api.w.org\/{rel}","templated":true}]}}